{"id":156,"date":"2022-02-21T09:46:00","date_gmt":"2022-02-21T09:46:00","guid":{"rendered":"http:\/\/ecoenergy.ancorathemes.com\/?p=156"},"modified":"2022-02-21T13:44:45","modified_gmt":"2022-02-21T13:44:45","slug":"honlapunk-megujult","status":"publish","type":"post","link":"https:\/\/www.ccelektro.hu\/index.php\/2022\/02\/21\/honlapunk-megujult\/","title":{"rendered":"Honlapunk meg\u00fajult!"},"content":{"rendered":"<p><b>\u00d6r\u00f6mmel k\u00f6sz\u00f6ntj\u00fck&nbsp;<\/b>a C&amp;C Elektro Bt.&nbsp;tartalm\u00e1ban, szerkezet\u00e9ben \u00e9s arculat\u00e1ban meg\u00faj\u00edtott honlapj\u00e1n. A m\u00e9g jobb el\u00e9rhet\u0151s\u00e9g \u00e9s haszn\u00e1lhat\u00f3s\u00e1g \u00e9rdek\u00e9ben az oldalakat el\u00e9rheti sz\u00e1m\u00edt\u00f3g\u00e9ppel, illetve mobileszk\u00f6z\u00f6kkel is.<\/p>\n<p>Fejleszt\u00e9se nem \u00e1ll meg. Folyamatosan b\u0151v\u00edtj\u00fck \u00e9s a v\u00e1ltoz\u00e1sokat k\u00f6vetve aktualiz\u00e1ljuk. Az ig\u00e9nyeknek megfelel\u0151en \u00fajabb \u00e9s \u00fajabb r\u00e9szekkel kieg\u00e9sz\u00edtve tessz\u00fck mind teljesebb\u00e9.<\/p>\n<p>A j\u00f6v\u0151ben m\u00e9g t\u00f6bb friss inform\u00e1ci\u00f3t fogunk publik\u00e1lni, melyet itt k\u00f6vethet nyomon. L\u00e1togasson benn\u00fcnket gyakran, hogy mindig \u00e9rtes\u00fclhessen c\u00e9g\u00fcnk fejl\u0151d\u00e9s\u00e9r\u0151l, \u00e9s az aktualit\u00e1sokr\u00f3l! Amennyiben b\u00e1rmilyen k\u00e9rd\u00e9se, vagy \u00e9szrev\u00e9tele lenne, k\u00e9rj\u00fck \u00edrjon nek\u00fcnk!<\/p>\n<p><strong>B\u00edzunk benne, hogy az \u00faj honlap elnyeri tetsz\u00e9s\u00e9t!<\/strong><\/p>\n","protected":false},"excerpt":{"rendered":"<p>\u00d6r\u00f6mmel k\u00f6sz\u00f6ntj\u00fck&nbsp;a C&amp;C Elektro Bt.&nbsp;tartalm\u00e1ban, szerkezet\u00e9ben \u00e9s arculat\u00e1ban meg\u00faj\u00edtott honlapj\u00e1n. A m\u00e9g jobb el\u00e9rhet\u0151s\u00e9g \u00e9s haszn\u00e1lhat\u00f3s\u00e1g \u00e9rdek\u00e9ben az oldalakat el\u00e9rheti sz\u00e1m\u00edt\u00f3g\u00e9ppel, illetve mobileszk\u00f6z\u00f6kkel is. Fejleszt\u00e9se nem \u00e1ll meg. Folyamatosan b\u0151v\u00edtj\u00fck \u00e9s a v\u00e1ltoz\u00e1sokat k\u00f6vetve aktualiz\u00e1ljuk. Az ig\u00e9nyeknek megfelel\u0151en \u00fajabb \u00e9s \u00fajabb r\u00e9szekkel kieg\u00e9sz\u00edtve tessz\u00fck mind teljesebb\u00e9. A j\u00f6v\u0151ben m\u00e9g t\u00f6bb friss inform\u00e1ci\u00f3t fogunk publik\u00e1lni, melyet [&hellip;]<\/p>\n","protected":false},"author":1,"featured_media":1286,"comment_status":"closed","ping_status":"open","sticky":false,"template":"","format":"standard","meta":{"ngg_post_thumbnail":0},"categories":[121,122,123],"tags":[],"_links":{"self":[{"href":"https:\/\/www.ccelektro.hu\/index.php\/wp-json\/wp\/v2\/posts\/156"}],"collection":[{"href":"https:\/\/www.ccelektro.hu\/index.php\/wp-json\/wp\/v2\/posts"}],"about":[{"href":"https:\/\/www.ccelektro.hu\/index.php\/wp-json\/wp\/v2\/types\/post"}],"author":[{"embeddable":true,"href":"https:\/\/www.ccelektro.hu\/index.php\/wp-json\/wp\/v2\/users\/1"}],"replies":[{"embeddable":true,"href":"https:\/\/www.ccelektro.hu\/index.php\/wp-json\/wp\/v2\/comments?post=156"}],"version-history":[{"count":2,"href":"https:\/\/www.ccelektro.hu\/index.php\/wp-json\/wp\/v2\/posts\/156\/revisions"}],"predecessor-version":[{"id":1905,"href":"https:\/\/www.ccelektro.hu\/index.php\/wp-json\/wp\/v2\/posts\/156\/revisions\/1905"}],"wp:featuredmedia":[{"embeddable":true,"href":"https:\/\/www.ccelektro.hu\/index.php\/wp-json\/wp\/v2\/media\/1286"}],"wp:attachment":[{"href":"https:\/\/www.ccelektro.hu\/index.php\/wp-json\/wp\/v2\/media?parent=156"}],"wp:term":[{"taxonomy":"category","embeddable":true,"href":"https:\/\/www.ccelektro.hu\/index.php\/wp-json\/wp\/v2\/categories?post=156"},{"taxonomy":"post_tag","embeddable":true,"href":"https:\/\/www.ccelektro.hu\/index.php\/wp-json\/wp\/v2\/tags?post=156"}],"curies":[{"name":"wp","href":"https:\/\/api.w.org\/{rel}","templated":true}]}}